{"id":886,"date":"2024-08-07T14:56:41","date_gmt":"2024-08-07T17:56:41","guid":{"rendered":"https:\/\/www.foripes.org.br\/?p=886"},"modified":"2024-08-15T13:03:59","modified_gmt":"2024-08-15T16:03:59","slug":"bloqueio-orcamentario-anunciado-pelo-governo-afeta-as-universidades-federais","status":"publish","type":"post","link":"https:\/\/www.foripes.org.br\/index.php\/2024\/08\/07\/bloqueio-orcamentario-anunciado-pelo-governo-afeta-as-universidades-federais\/","title":{"rendered":"Bloqueio or\u00e7ament\u00e1rio anunciado pelo governo afeta as universidades federais"},"content":{"rendered":"\n<p><em>A reuni\u00e3o informou sobre altera\u00e7\u00e3o na programa\u00e7\u00e3o or\u00e7ament\u00e1ria e financeira e no cronograma de execu\u00e7\u00e3o<\/em><\/p>\n\n\n\n<p style=\"text-align:justify\">Na condi\u00e7\u00e3o de presidente da Comiss\u00e3o de Financiamento da Associa\u00e7\u00e3o Nacional dos Dirigentes das Institui\u00e7\u00f5es Federais de Ensino Superior (Andifes), o presidente do Foripes, Demetrius David da Silva participou, na sexta-feira (2), de uma reuni\u00e3o virtual entre a Secretaria de Educa\u00e7\u00e3o Superior (Sesu), do Minist\u00e9rio da Educa\u00e7\u00e3o (MEC), e a Diretoria Executiva da Andifes. O objetivo foi discutir os impactos do congelamento de R$15 bilh\u00f5es anunciado pelo governo federal, no dia 30 de julho, no or\u00e7amento das universidades.<\/p>\n\n\n\n<p style=\"text-align:justify\">Durante a reuni\u00e3o, o secret\u00e1rio de Educa\u00e7\u00e3o Superior, Alexandre Brasil, informou aos reitores que, com a publica\u00e7\u00e3o do Decreto 12.120, de 30 de julho de 2024, que oficializa e detalha o congelamento, houve altera\u00e7\u00e3o na programa\u00e7\u00e3o or\u00e7ament\u00e1ria e financeira e no cronograma de execu\u00e7\u00e3o do MEC. De acordo com a Sesu, as universidades federais ser\u00e3o afetadas de duas formas.&nbsp; A primeira ser\u00e1 com o bloqueio de emendas discricion\u00e1rias que n\u00e3o foram empenhadas at\u00e9 o dia 23 de julho. Para as universidades mineiras essa a\u00e7\u00e3o impacta diretamente no congelamento da emenda parlamentar de R$2,545 milh\u00f5es, destinada pelo senador Rodrigo Pacheco.&nbsp;<\/p>\n\n\n\n<p style=\"text-align:justify\">A segunda forma, anunciada pelo secret\u00e1rio, \u00e9 a reprograma\u00e7\u00e3o dos limites de empenho das universidades. At\u00e9 30 de setembro, 18% do or\u00e7amento delas ficar\u00e1 bloqueado. De acordo com a Sesu, haver\u00e1 duas janelas de libera\u00e7\u00e3o, a depender das receitas do governo federal, ainda sem defini\u00e7\u00e3o de percentuais, entre 1\u00ba de outubro e 30 de novembro e entre 1\u00ba e 30 de dezembro, conforme detalhado no documento (anexo), enviado pela Andifes a todos os reitores.<\/p>\n\n\n\n<p style=\"text-align:justify\">Como presidente da Comiss\u00e3o de Financiamento da Andifes, o professor Demetrius e demais reitores que comp\u00f5em a diretoria executiva da Associa\u00e7\u00e3o expressaram preocupa\u00e7\u00e3o com a manuten\u00e7\u00e3o das atividades administrativas e acad\u00eamicas das universidades em fun\u00e7\u00e3o do contingenciamento. Eles refor\u00e7aram que a situa\u00e7\u00e3o agrava o panorama j\u00e1 complexo vivenciado pelas institui\u00e7\u00f5es, que disp\u00f5em de um or\u00e7amento muito aqu\u00e9m do necess\u00e1rio para todas as demandas de custeio.<\/p>\n\n\n\n<p style=\"text-align:justify\">Tamb\u00e9m participaram da reuni\u00e3o, representando a Sesu, a diretora de Desenvolvimento da Rede de Institui\u00e7\u00f5es Federais de Educa\u00e7\u00e3o Superior, T\u00e2nia Mara Francisco, e o subsecret\u00e1rio da Subsecretaria de Planejamento e Or\u00e7amento do MEC, Adalton Matos. Estavam presentes, ainda, representantes da coordena\u00e7\u00e3o nacional do F\u00f3rum de Pr\u00f3-reitores de Planejamento e de Administra\u00e7\u00e3o (Forplad).<\/p>\n","protected":false},"excerpt":{"rendered":"<p>A reuni\u00e3o informou sobre altera\u00e7\u00e3o na programa\u00e7\u00e3o or\u00e7ament\u00e1ria e financeira e no cronograma de execu\u00e7\u00e3o Na condi\u00e7\u00e3o de presidente da Comiss\u00e3o de Financiamento da Associa\u00e7\u00e3o Nacional dos Dirigentes das Institui\u00e7\u00f5es Federais de Ensino Superior (Andifes), o presidente do Foripes, Demetrius David da Silva participou, na sexta-feira (2), de uma reuni\u00e3o virtual entre a Secretaria de<br \/><a class=\"btn btn-theme post-btn\" href=\"https:\/\/www.foripes.org.br\/index.php\/2024\/08\/07\/bloqueio-orcamentario-anunciado-pelo-governo-afeta-as-universidades-federais\/\">Ler mais<\/a><\/p>\n","protected":false},"author":4,"featured_media":889,"comment_status":"open","ping_status":"open","sticky":false,"template":"","format":"standard","meta":{"ngg_post_thumbnail":0,"footnotes":""},"categories":[3],"tags":[],"post_folder":[],"class_list":["post-886","post","type-post","status-publish","format-standard","has-post-thumbnail","hentry","category-noticias"],"_links":{"self":[{"href":"https:\/\/www.foripes.org.br\/index.php\/wp-json\/wp\/v2\/posts\/886","targetHints":{"allow":["GET"]}}],"collection":[{"href":"https:\/\/www.foripes.org.br\/index.php\/wp-json\/wp\/v2\/posts"}],"about":[{"href":"https:\/\/www.foripes.org.br\/index.php\/wp-json\/wp\/v2\/types\/post"}],"author":[{"embeddable":true,"href":"https:\/\/www.foripes.org.br\/index.php\/wp-json\/wp\/v2\/users\/4"}],"replies":[{"embeddable":true,"href":"https:\/\/www.foripes.org.br\/index.php\/wp-json\/wp\/v2\/comments?post=886"}],"version-history":[{"count":3,"href":"https:\/\/www.foripes.org.br\/index.php\/wp-json\/wp\/v2\/posts\/886\/revisions"}],"predecessor-version":[{"id":947,"href":"https:\/\/www.foripes.org.br\/index.php\/wp-json\/wp\/v2\/posts\/886\/revisions\/947"}],"wp:featuredmedia":[{"embeddable":true,"href":"https:\/\/www.foripes.org.br\/index.php\/wp-json\/wp\/v2\/media\/889"}],"wp:attachment":[{"href":"https:\/\/www.foripes.org.br\/index.php\/wp-json\/wp\/v2\/media?parent=886"}],"wp:term":[{"taxonomy":"category","embeddable":true,"href":"https:\/\/www.foripes.org.br\/index.php\/wp-json\/wp\/v2\/categories?post=886"},{"taxonomy":"post_tag","embeddable":true,"href":"https:\/\/www.foripes.org.br\/index.php\/wp-json\/wp\/v2\/tags?post=886"},{"taxonomy":"post_folder","embeddable":true,"href":"https:\/\/www.foripes.org.br\/index.php\/wp-json\/wp\/v2\/post_folder?post=886"}],"curies":[{"name":"wp","href":"https:\/\/api.w.org\/{rel}","templated":true}]}}