{"id":84,"date":"2023-05-17T14:19:31","date_gmt":"2023-05-17T17:19:31","guid":{"rendered":"http:\/\/www.foripes.org.br\/?p=84"},"modified":"2024-08-15T13:13:51","modified_gmt":"2024-08-15T16:13:51","slug":"foripes-solicita-a-bancada-mineira-do-congresso-nacional-divisao-equitativa-das-emendas-para-universidades-e-institutos","status":"publish","type":"post","link":"https:\/\/www.foripes.org.br\/index.php\/2023\/05\/17\/foripes-solicita-a-bancada-mineira-do-congresso-nacional-divisao-equitativa-das-emendas-para-universidades-e-institutos\/","title":{"rendered":"Foripes solicita \u00e0 bancada mineira do Congresso Nacional divis\u00e3o equitativa das emendas para universidades e institutos"},"content":{"rendered":"\n<p style=\"text-align:justify\">Reitores integrantes do F\u00f3rum das Institui\u00e7\u00f5es P\u00fablicas de Ensino Superior do Estado de Minas Gerais (Foripes) estiveram reunidos na manh\u00e3 desta quinta-feira (23\/4), em Bras\u00edlia, com o l\u00edder da bancada mineira no Congresso Nacional, deputado Luiz Fernando Faria (PSD). O objetivo do encontro foi apresentar ao parlamentar demandas que buscam colaborar para a sustentabilidade financeira das universidades e institutos federais do estado de Minas Gerais.<\/p>\n\n\n\n<p style=\"text-align:justify\">O reitor da Universidade Federal de Lavras (UFLA), professor Jo\u00e3o Chrysostomo de Resende J\u00fanior, atual presidente do Foripes, explica que uma das necessidades urgentes apresentadas ao deputado \u00e9 a altera\u00e7\u00e3o na forma de distribui\u00e7\u00e3o dos recursos das emendas parlamentares de bancada que contemplam institui\u00e7\u00f5es do estado de Minas. \u201cNos \u00faltimos anos, os valores dispon\u00edveis t\u00eam sido divididos em cotas-parte e atribu\u00eddos a cada parlamentar, que escolhe a institui\u00e7\u00e3o \u00e0 qual ir\u00e1 direcionar os recursos. Esse m\u00e9todo acaba provocando uma distribui\u00e7\u00e3o desigual, e algumas institui\u00e7\u00f5es acabam n\u00e3o sendo contempladas. Nosso pleito \u00e9 para que os valores sejam divididos igualmente entre todas as institui\u00e7\u00f5es\u201d.<\/p>\n\n\n\n<p style=\"text-align:justify\">Atualmente s\u00e3o duas emendas direcionadas \u00e0 bancada mineira no Congresso Nacional, na \u00e1rea da educa\u00e7\u00e3o: uma para contemplar as 11 universidades do estado e outra para 5 institutos e o Centro Federal de Educa\u00e7\u00e3o Tecnol\u00f3gica (Cefet). Uma segunda reivindica\u00e7\u00e3o do Foripes \u00e9 que o valor dessas emendas ganhe acr\u00e9scimo, j\u00e1 que a proporcionalidade dos recursos destinados \u00e0 educa\u00e7\u00e3o tem sido reduzida nos \u00faltimos anos. \u201cAtualmente, apenas 10% dos valores ficam com a educa\u00e7\u00e3o, quando o necess\u00e1rio \u00e9 de, pelo menos, 20%\u201d, explica Jo\u00e3o Chrysostomo.<\/p>\n\n\n\n<p style=\"text-align:justify\">A expectativa \u00e9 de que a indica\u00e7\u00e3o da destina\u00e7\u00e3o dos recursos de emendas parlamentares ocorra nos pr\u00f3ximos dias. \u201cAcreditamos que todos os parlamentares mineiros estar\u00e3o sens\u00edveis a essas demandas, porque elas buscam dar mais justi\u00e7a ao sistema de apoio do parlamento \u00e0s atividades de ensino, pesquisa e extens\u00e3o praticadas em nossas institui\u00e7\u00f5es. O conjunto de universidades, institutos federais e Cefet-MG, al\u00e9m de atuar na forma\u00e7\u00e3o de estudantes em todos os n\u00edveis de ensino, mant\u00e9m hospitais universit\u00e1rios (humanos e veterin\u00e1rios), museus, complexos esportivos que servem \u00e0 popula\u00e7\u00e3o, trabalhos de extens\u00e3o com resultados diretos para o cidad\u00e3o, parques tecnol\u00f3gicos e o desenvolvimento da ci\u00eancia e inova\u00e7\u00e3o no estado de Minas Gerais. Investimentos nessas \u00e1reas s\u00e3o revertidos diretamente para o cidad\u00e3o, e s\u00e3o essenciais para o desenvolvimento das diversas regi\u00f5es do Estado\u201d, diz.<\/p>\n\n\n\n<p style=\"text-align:justify\">O presidente do Foripes tamb\u00e9m destacou agradecimentos a todos os parlamentares da bancada mineira. \u201cEles t\u00eam dispensado muito apoio, ao longo dos anos, \u00e0s universidades e institutos federais; e precisamos agradecer tamb\u00e9m ao l\u00edder da bancada, pela disponibilidade em nos receber e ouvir o grupo de reitores, solidarizando-se com o pleito\u201d.<\/p>\n\n\n\n<p style=\"text-align:justify\">Estiveram presentes na reuni\u00e3o em Bras\u00edlia os reitores da UFLA, Universidade Federal de Vi\u00e7osa (UFV), Universidade Federal de S\u00e3o Jo\u00e3o Del Rei (UFSJ), Universidade Federal de Alfenas (Unifal), Universidade Federal do Tri\u00e2ngulo Mineiro (UFTM), Universidade Federal de Uberl\u00e2ndia (UFU) e Cefet- MG.<\/p>\n\n\n\n<p><strong>Sobre o Foripes<\/strong><\/p>\n\n\n\n<p style=\"text-align:justify\">O F\u00f3rum foi criado em 2003 com a finalidade de congregar as institui\u00e7\u00f5es p\u00fablicas de ensino superior do estado de Minas Gerais, que atualmente \u00e9 a segunda unidade da federa\u00e7\u00e3o em n\u00famero de estudantes matriculados em cursos de gradua\u00e7\u00e3o presenciais no ensino p\u00fablico. Segundo o <a href=\"https:\/\/www.gov.br\/inep\/pt-br\/areas-de-atuacao\/pesquisas-estatisticas-e-indicadores\/censo-da-educacao-superior\">Censo da Educa\u00e7\u00e3o Superior<\/a> (2021), Minas Gerais tem mais de 200 mil matriculados na rede p\u00fablica de ensino superior, o que equivale a 11% do total nacional, com grande impacto, portanto, sobre a forma\u00e7\u00e3o profissional no Pa\u00eds, al\u00e9m da ampla capacidade instalada para pesquisa, inova\u00e7\u00e3o e intera\u00e7\u00e3o com a sociedade, por meio da extens\u00e3o universit\u00e1ria.&nbsp;<\/p>\n\n\n\n<p style=\"text-align:justify\">As 18 institui\u00e7\u00f5es que constituem hoje o Foripes buscam articular a\u00e7\u00f5es integradas que colaborem para a defesa da educa\u00e7\u00e3o e da ci\u00eancia, formando um espa\u00e7o de coopera\u00e7\u00e3o e intera\u00e7\u00e3o. S\u00e3o elas: UFLA, UFV, UFSJ, Unifal, UFTM, UFU, Cefet, Instituto Federal do Norte de Minas Gerais (IFNMG), Universidade Federal de Minas Gerais (UFMG), Universidade Federal de Juiz de Fora (UFJF), Universidade Federal de Ouro Preto (Ufop), Universidade Federal de Itajub\u00e1 (Unifei); Universidade do Estado de Minas Gerais (Uemg), Universidade Estadual de Montes Claros (Unimontes); Instituto Federal de Minas Gerais (IFMG); Instituto Federal do Sudeste de Minas (IFSudesteMG), Instituto Federal do Sul de Minas (IFSuldeMinas) e Instituto Federal do Tri\u00e2ngulo Mineiro (IFTM) .<\/p>\n\n\n\n<p style=\"text-align:justify\"><a href=\"#acoes\">Testes<\/a><\/p>\n","protected":false},"excerpt":{"rendered":"<p>Reitores integrantes do F\u00f3rum das Institui\u00e7\u00f5es P\u00fablicas de Ensino Superior do Estado de Minas Gerais (Foripes) estiveram reunidos na manh\u00e3 desta quinta-feira (23\/4), em Bras\u00edlia, com o l\u00edder da bancada mineira no Congresso Nacional, deputado Luiz Fernando Faria (PSD). O objetivo do encontro foi apresentar ao parlamentar demandas que buscam colaborar para a sustentabilidade financeira<br \/><a class=\"btn btn-theme post-btn\" href=\"https:\/\/www.foripes.org.br\/index.php\/2023\/05\/17\/foripes-solicita-a-bancada-mineira-do-congresso-nacional-divisao-equitativa-das-emendas-para-universidades-e-institutos\/\">Ler mais<\/a><\/p>\n","protected":false},"author":1,"featured_media":103,"comment_status":"closed","ping_status":"closed","sticky":false,"template":"","format":"standard","meta":{"ngg_post_thumbnail":0,"footnotes":""},"categories":[3],"tags":[],"post_folder":[],"class_list":["post-84","post","type-post","status-publish","format-standard","has-post-thumbnail","hentry","category-noticias"],"_links":{"self":[{"href":"https:\/\/www.foripes.org.br\/index.php\/wp-json\/wp\/v2\/posts\/84","targetHints":{"allow":["GET"]}}],"collection":[{"href":"https:\/\/www.foripes.org.br\/index.php\/wp-json\/wp\/v2\/posts"}],"about":[{"href":"https:\/\/www.foripes.org.br\/index.php\/wp-json\/wp\/v2\/types\/post"}],"author":[{"embeddable":true,"href":"https:\/\/www.foripes.org.br\/index.php\/wp-json\/wp\/v2\/users\/1"}],"replies":[{"embeddable":true,"href":"https:\/\/www.foripes.org.br\/index.php\/wp-json\/wp\/v2\/comments?post=84"}],"version-history":[{"count":3,"href":"https:\/\/www.foripes.org.br\/index.php\/wp-json\/wp\/v2\/posts\/84\/revisions"}],"predecessor-version":[{"id":955,"href":"https:\/\/www.foripes.org.br\/index.php\/wp-json\/wp\/v2\/posts\/84\/revisions\/955"}],"wp:featuredmedia":[{"embeddable":true,"href":"https:\/\/www.foripes.org.br\/index.php\/wp-json\/wp\/v2\/media\/103"}],"wp:attachment":[{"href":"https:\/\/www.foripes.org.br\/index.php\/wp-json\/wp\/v2\/media?parent=84"}],"wp:term":[{"taxonomy":"category","embeddable":true,"href":"https:\/\/www.foripes.org.br\/index.php\/wp-json\/wp\/v2\/categories?post=84"},{"taxonomy":"post_tag","embeddable":true,"href":"https:\/\/www.foripes.org.br\/index.php\/wp-json\/wp\/v2\/tags?post=84"},{"taxonomy":"post_folder","embeddable":true,"href":"https:\/\/www.foripes.org.br\/index.php\/wp-json\/wp\/v2\/post_folder?post=84"}],"curies":[{"name":"wp","href":"https:\/\/api.w.org\/{rel}","templated":true}]}}