{"id":318,"date":"2023-05-31T20:49:00","date_gmt":"2023-05-31T23:49:00","guid":{"rendered":"http:\/\/www.foripes.org.br\/?p=318"},"modified":"2024-08-15T13:12:51","modified_gmt":"2024-08-15T16:12:51","slug":"reuniao-entre-fapemig-e-foripes-aborda-propostas-em-tramitacao-na-almg","status":"publish","type":"post","link":"https:\/\/www.foripes.org.br\/index.php\/2023\/05\/31\/reuniao-entre-fapemig-e-foripes-aborda-propostas-em-tramitacao-na-almg\/","title":{"rendered":"Reuni\u00e3o entre Fapemig e Foripes aborda propostas em tramita\u00e7\u00e3o na ALMG"},"content":{"rendered":"\n<p style=\"text-align:justify\">O presidente do F\u00f3rum das Institui\u00e7\u00f5es P\u00fablicas de Ensino Superior do Estado de Minas Gerais (Foripes), professor Jo\u00e3o Chrysostomo de Resende J\u00fanior, participou de reuni\u00e3o on-line, nessa ter\u00e7a-feira (30\/5), com o presidente da Funda\u00e7\u00e3o de Amparo \u00e0 Pesquisa de Minas Gerais (Fapemig), professor Paulo S\u00e9rgio Lacerda Beir\u00e3o. Na pauta, esteve a discuss\u00e3o sobre propostas que est\u00e3o em tramita\u00e7\u00e3o na Assembl\u00e9ia Legislativa de Minas Gerais (ALMG) e preveem altera\u00e7\u00f5es em legisla\u00e7\u00f5es relacionadas ao sistema de ci\u00eancia e tecnologia no Estado de Minas Gerais.<\/p>\n\n\n\n<p style=\"text-align:justify\">As institui\u00e7\u00f5es integrantes do Foripes est\u00e3o analisando e debatendo as propostas, que incluem, por exemplo, o Projeto de Lei n\u00ba 876\/2019, que altera a Lei no 6.310, de 8 de maio de 1974, pela qual o Poder Executivo \u00e9 autorizado a &#8220;constituir e organizar empresa p\u00fablica para o desenvolvimento e execu\u00e7\u00e3o de pesquisas no setor da agropecu\u00e1ria\u201d, al\u00e9m das altera\u00e7\u00f5es propostas para a Lei n\u00ba 22929, de 12\/01\/2018. A expectativa \u00e9 de que novas reuni\u00f5es possam ocorrer nos pr\u00f3ximos dias, para articula\u00e7\u00f5es entre Foripes e outros \u00f3rg\u00e3os do Estado a respeito da tem\u00e1tica, de forma a colaborar para as discuss\u00f5es de interesse p\u00fablico que buscam o fortalecimento da ci\u00eancia, da tecnologia e da inova\u00e7\u00e3o em Minas Gerais.<\/p>\n\n\n\n<p><\/p>\n\n\n\n<p><\/p>\n\n\n\n<p style=\"text-align:justify\">Fonte: Imagem concedida pelo <a href=\"https:\/\/pixabay.com\/pt\/photos\/aperto-de-m%C3%A3o-brincar-monitor-4014589\/\" data-type=\"URL\" data-id=\"https:\/\/pixabay.com\/pt\/photos\/aperto-de-m%C3%A3o-brincar-monitor-4014589\/\">portal pixabay<\/a><\/p>\n","protected":false},"excerpt":{"rendered":"<p>O presidente do F\u00f3rum das Institui\u00e7\u00f5es P\u00fablicas de Ensino Superior do Estado de Minas Gerais (Foripes), professor Jo\u00e3o Chrysostomo de Resende J\u00fanior, participou de reuni\u00e3o on-line, nessa ter\u00e7a-feira (30\/5), com o presidente da Funda\u00e7\u00e3o de Amparo \u00e0 Pesquisa de Minas Gerais (Fapemig), professor Paulo S\u00e9rgio Lacerda Beir\u00e3o. Na pauta, esteve a discuss\u00e3o sobre propostas que<br \/><a class=\"btn btn-theme post-btn\" href=\"https:\/\/www.foripes.org.br\/index.php\/2023\/05\/31\/reuniao-entre-fapemig-e-foripes-aborda-propostas-em-tramitacao-na-almg\/\">Ler mais<\/a><\/p>\n","protected":false},"author":1,"featured_media":320,"comment_status":"closed","ping_status":"closed","sticky":false,"template":"","format":"standard","meta":{"ngg_post_thumbnail":0,"footnotes":""},"categories":[3],"tags":[],"post_folder":[],"class_list":["post-318","post","type-post","status-publish","format-standard","has-post-thumbnail","hentry","category-noticias"],"_links":{"self":[{"href":"https:\/\/www.foripes.org.br\/index.php\/wp-json\/wp\/v2\/posts\/318","targetHints":{"allow":["GET"]}}],"collection":[{"href":"https:\/\/www.foripes.org.br\/index.php\/wp-json\/wp\/v2\/posts"}],"about":[{"href":"https:\/\/www.foripes.org.br\/index.php\/wp-json\/wp\/v2\/types\/post"}],"author":[{"embeddable":true,"href":"https:\/\/www.foripes.org.br\/index.php\/wp-json\/wp\/v2\/users\/1"}],"replies":[{"embeddable":true,"href":"https:\/\/www.foripes.org.br\/index.php\/wp-json\/wp\/v2\/comments?post=318"}],"version-history":[{"count":5,"href":"https:\/\/www.foripes.org.br\/index.php\/wp-json\/wp\/v2\/posts\/318\/revisions"}],"predecessor-version":[{"id":954,"href":"https:\/\/www.foripes.org.br\/index.php\/wp-json\/wp\/v2\/posts\/318\/revisions\/954"}],"wp:featuredmedia":[{"embeddable":true,"href":"https:\/\/www.foripes.org.br\/index.php\/wp-json\/wp\/v2\/media\/320"}],"wp:attachment":[{"href":"https:\/\/www.foripes.org.br\/index.php\/wp-json\/wp\/v2\/media?parent=318"}],"wp:term":[{"taxonomy":"category","embeddable":true,"href":"https:\/\/www.foripes.org.br\/index.php\/wp-json\/wp\/v2\/categories?post=318"},{"taxonomy":"post_tag","embeddable":true,"href":"https:\/\/www.foripes.org.br\/index.php\/wp-json\/wp\/v2\/tags?post=318"},{"taxonomy":"post_folder","embeddable":true,"href":"https:\/\/www.foripes.org.br\/index.php\/wp-json\/wp\/v2\/post_folder?post=318"}],"curies":[{"name":"wp","href":"https:\/\/api.w.org\/{rel}","templated":true}]}}