{"id":1199,"date":"2024-11-11T10:52:14","date_gmt":"2024-11-11T13:52:14","guid":{"rendered":"https:\/\/www.foripes.org.br\/?p=1199"},"modified":"2025-01-27T17:51:12","modified_gmt":"2025-01-27T20:51:12","slug":"divulgado-resultado-final-do-programa-participa-minas","status":"publish","type":"post","link":"https:\/\/www.foripes.org.br\/index.php\/2024\/11\/11\/divulgado-resultado-final-do-programa-participa-minas\/","title":{"rendered":"Divulgado resultado final do Programa Participa Minas"},"content":{"rendered":"\n<p>As universidades integrantes do F\u00f3rum dos Dirigentes das Institui\u00e7\u00f5es Federais e Estaduais de Ensino Superior de Minas Gerais (Foripes), tornaram p\u00fablico, nesta quinta-feira (7), o<a href=\"https:\/\/pec.ufv.br\/programa-participa-minas\/\" target=\"_blank\" rel=\"noreferrer noopener\"> resultado final<\/a> das propostas do Programa Participa Minas &#8211; <a href=\"https:\/\/pec.ufv.br\/wp-content\/uploads\/2024\/07\/Edital-versao-final-publicada.pdf\" target=\"_blank\" rel=\"noreferrer noopener\">Edital n\u00b0 01\/2024<\/a>. O Programa \u00e9 resultado de um termo de compromisso firmado, em abril de 2023, entre o Minist\u00e9rio P\u00fablico Federal (MPF), a Universidade Federal de Vi\u00e7osa (UFV) e a Funda\u00e7\u00e3o Arthur Bernardes (Funarbe), para fomento a projetos interinstitucionais de extens\u00e3o universit\u00e1ria em interface com a pesquisa, voltados ao desenvolvimento sustent\u00e1vel e \u00e0 preven\u00e7\u00e3o, mitiga\u00e7\u00e3o e corre\u00e7\u00e3o dos impactos da minera\u00e7\u00e3o no estado de Minas Gerais.<\/p>\n\n\n\n<p>A vig\u00eancia do programa ser\u00e1 de novembro de 2024 a novembro de 2026. Vale ressaltar que as propostas aprovadas dever\u00e3o ser instrumentalizadas por meio da assinatura de Termo de Parceria, Conv\u00eanio ou outro instrumento contratual adequado e, obrigatoriamente, registradas nos respectivos sistemas de extens\u00e3o das institui\u00e7\u00f5es proponentes do edital.<\/p>\n\n\n\n<p>Mais informa\u00e7\u00f5es podem ser obtidas com o N\u00facleo de Apoio a Programas e Projetos (Nape), pelos telefones (31) 3612-2024, 3612-2041 e 3612-2042 ou pelo e-mail nape@ufv.br.<\/p>\n","protected":false},"excerpt":{"rendered":"<p>As universidades integrantes do F\u00f3rum dos Dirigentes das Institui\u00e7\u00f5es Federais e Estaduais de Ensino Superior de Minas Gerais (Foripes), tornaram p\u00fablico, nesta quinta-feira (7), o resultado final das propostas do Programa Participa Minas &#8211; Edital n\u00b0 01\/2024. O Programa \u00e9 resultado de um termo de compromisso firmado, em abril de 2023, entre o Minist\u00e9rio P\u00fablico<br \/><a class=\"btn btn-theme post-btn\" href=\"https:\/\/www.foripes.org.br\/index.php\/2024\/11\/11\/divulgado-resultado-final-do-programa-participa-minas\/\">Ler mais<\/a><\/p>\n","protected":false},"author":4,"featured_media":983,"comment_status":"open","ping_status":"open","sticky":false,"template":"","format":"standard","meta":{"ngg_post_thumbnail":0,"footnotes":""},"categories":[10,9],"tags":[],"post_folder":[],"class_list":["post-1199","post","type-post","status-publish","format-standard","has-post-thumbnail","hentry","category-participa-minas-2024","category-partminas"],"_links":{"self":[{"href":"https:\/\/www.foripes.org.br\/index.php\/wp-json\/wp\/v2\/posts\/1199","targetHints":{"allow":["GET"]}}],"collection":[{"href":"https:\/\/www.foripes.org.br\/index.php\/wp-json\/wp\/v2\/posts"}],"about":[{"href":"https:\/\/www.foripes.org.br\/index.php\/wp-json\/wp\/v2\/types\/post"}],"author":[{"embeddable":true,"href":"https:\/\/www.foripes.org.br\/index.php\/wp-json\/wp\/v2\/users\/4"}],"replies":[{"embeddable":true,"href":"https:\/\/www.foripes.org.br\/index.php\/wp-json\/wp\/v2\/comments?post=1199"}],"version-history":[{"count":5,"href":"https:\/\/www.foripes.org.br\/index.php\/wp-json\/wp\/v2\/posts\/1199\/revisions"}],"predecessor-version":[{"id":1205,"href":"https:\/\/www.foripes.org.br\/index.php\/wp-json\/wp\/v2\/posts\/1199\/revisions\/1205"}],"wp:featuredmedia":[{"embeddable":true,"href":"https:\/\/www.foripes.org.br\/index.php\/wp-json\/wp\/v2\/media\/983"}],"wp:attachment":[{"href":"https:\/\/www.foripes.org.br\/index.php\/wp-json\/wp\/v2\/media?parent=1199"}],"wp:term":[{"taxonomy":"category","embeddable":true,"href":"https:\/\/www.foripes.org.br\/index.php\/wp-json\/wp\/v2\/categories?post=1199"},{"taxonomy":"post_tag","embeddable":true,"href":"https:\/\/www.foripes.org.br\/index.php\/wp-json\/wp\/v2\/tags?post=1199"},{"taxonomy":"post_folder","embeddable":true,"href":"https:\/\/www.foripes.org.br\/index.php\/wp-json\/wp\/v2\/post_folder?post=1199"}],"curies":[{"name":"wp","href":"https:\/\/api.w.org\/{rel}","templated":true}]}}