{"id":1131,"date":"2024-09-09T13:45:37","date_gmt":"2024-09-09T16:45:37","guid":{"rendered":"https:\/\/www.foripes.org.br\/?p=1131"},"modified":"2024-09-25T16:45:42","modified_gmt":"2024-09-25T19:45:42","slug":"marcelo-pereira-e-rosy-ribeiro-sao-reconduzidos-aos-cargos-de-reitoria-da-ufsj","status":"publish","type":"post","link":"https:\/\/www.foripes.org.br\/index.php\/2024\/09\/09\/marcelo-pereira-e-rosy-ribeiro-sao-reconduzidos-aos-cargos-de-reitoria-da-ufsj\/","title":{"rendered":"Marcelo Pereira e Rosy Ribeiro s\u00e3o reconduzidos aos cargos de Reitoria da UFSJ"},"content":{"rendered":"\n<p>Na \u00faltima quinta-feira (5), Marcelo Pereira de Andrade e Rosy Ribeiro reafirmaram seus compromissos e celebraram a reelei\u00e7\u00e3o para o mandato 2024-2028. A solenidade de recondu\u00e7\u00e3o aos cargos de reitor e vice-reitora da Universidade Federal de S\u00e3o Jo\u00e3o del-Rei (UFSJ) ocorreu no Theatro Municipal. Al\u00e9m dos membros da nova gest\u00e3o, conselheiros decanos e autoridades p\u00fablicas, o evento contou com a presen\u00e7a de Demetrius David da Silva, presidente do F\u00f3rum das Institui\u00e7\u00f5es P\u00fablicas de Minas Gerais (Foripes) e reitor da Universidade Federal de Vi\u00e7osa (UFV).<\/p>\n\n\n\n<p>Em seu discurso, Demetrius elogiou os gestores reeleitos, expressando otimismo com o novo mandato e destacando os desafios enfrentados pelas universidades federais. Ele enfatizou a import\u00e2ncia do fortalecimento entre as institui\u00e7\u00f5es para garantir a continuidade de um ensino superior de qualidade.<\/p>\n\n\n\n<figure class=\"wp-block-gallery has-nested-images columns-default is-cropped wp-block-gallery-1 is-layout-flex wp-block-gallery-is-layout-flex\"><div class=\"wp-block-image\">\n<figure class=\"aligncenter size-large\"><img loading=\"lazy\" decoding=\"async\" width=\"1024\" height=\"682\" data-id=\"1134\" src=\"https:\/\/www.foripes.org.br\/wp-content\/uploads\/2024\/09\/foto-para-o-meio-da-materia2-1024x682.jpg\" alt=\"\" class=\"wp-image-1134\" srcset=\"https:\/\/www.foripes.org.br\/wp-content\/uploads\/2024\/09\/foto-para-o-meio-da-materia2-1024x682.jpg 1024w, https:\/\/www.foripes.org.br\/wp-content\/uploads\/2024\/09\/foto-para-o-meio-da-materia2-300x200.jpg 300w, https:\/\/www.foripes.org.br\/wp-content\/uploads\/2024\/09\/foto-para-o-meio-da-materia2-768x512.jpg 768w, https:\/\/www.foripes.org.br\/wp-content\/uploads\/2024\/09\/foto-para-o-meio-da-materia2.jpg 1400w\" sizes=\"auto, (max-width: 1024px) 100vw, 1024px\" \/><\/figure>\n<\/div><\/figure>\n\n\n<p style=\"text-align: justify;\">A cerim\u00f4nia foi marcada por um clima de otimismo e expectativas para o futuro da UFSJ. Marcelo Pereira de Andrade, que presidiu o Foripes em 2022, abordou as conquistas e desafios de sua administra\u00e7\u00e3o. O reitor tamb\u00e9m destacou a import\u00e2ncia da uni\u00e3o da comunidade universit\u00e1ria para que os esfor\u00e7os em prol da UFSJ resultem em um crescimento firme e com excel\u00eancia. A vice-reitora Rosy Ribeiro refor\u00e7ou a relev\u00e2ncia da integra\u00e7\u00e3o entre os campi para o fortalecimento da Universidade.<\/p>\n<p style=\"text-align: justify;\">A cerim\u00f4nia foi transmitida pela TV UFSJ e est\u00e1 dispon\u00edvel para visualiza\u00e7\u00e3o em <a href=\"https:\/\/www.youtube.com\/watch?v=LmHQZ1f7CC4\">https:\/\/www.youtube.com\/watch?v=LmHQZ1f7CC4<\/a><\/p>","protected":false},"excerpt":{"rendered":"<p>Na \u00faltima quinta-feira (5), Marcelo Pereira de Andrade e Rosy Ribeiro reafirmaram seus compromissos e celebraram a reelei\u00e7\u00e3o para o mandato 2024-2028. A solenidade de recondu\u00e7\u00e3o aos cargos de reitor e vice-reitora da Universidade Federal de S\u00e3o Jo\u00e3o del-Rei (UFSJ) ocorreu no Theatro Municipal. Al\u00e9m dos membros da nova gest\u00e3o, conselheiros decanos e autoridades p\u00fablicas,<br \/><a class=\"btn btn-theme post-btn\" href=\"https:\/\/www.foripes.org.br\/index.php\/2024\/09\/09\/marcelo-pereira-e-rosy-ribeiro-sao-reconduzidos-aos-cargos-de-reitoria-da-ufsj\/\">Ler mais<\/a><\/p>\n","protected":false},"author":4,"featured_media":1133,"comment_status":"open","ping_status":"open","sticky":false,"template":"","format":"standard","meta":{"ngg_post_thumbnail":0,"footnotes":""},"categories":[3],"tags":[],"post_folder":[],"class_list":["post-1131","post","type-post","status-publish","format-standard","has-post-thumbnail","hentry","category-noticias"],"_links":{"self":[{"href":"https:\/\/www.foripes.org.br\/index.php\/wp-json\/wp\/v2\/posts\/1131","targetHints":{"allow":["GET"]}}],"collection":[{"href":"https:\/\/www.foripes.org.br\/index.php\/wp-json\/wp\/v2\/posts"}],"about":[{"href":"https:\/\/www.foripes.org.br\/index.php\/wp-json\/wp\/v2\/types\/post"}],"author":[{"embeddable":true,"href":"https:\/\/www.foripes.org.br\/index.php\/wp-json\/wp\/v2\/users\/4"}],"replies":[{"embeddable":true,"href":"https:\/\/www.foripes.org.br\/index.php\/wp-json\/wp\/v2\/comments?post=1131"}],"version-history":[{"count":7,"href":"https:\/\/www.foripes.org.br\/index.php\/wp-json\/wp\/v2\/posts\/1131\/revisions"}],"predecessor-version":[{"id":1201,"href":"https:\/\/www.foripes.org.br\/index.php\/wp-json\/wp\/v2\/posts\/1131\/revisions\/1201"}],"wp:featuredmedia":[{"embeddable":true,"href":"https:\/\/www.foripes.org.br\/index.php\/wp-json\/wp\/v2\/media\/1133"}],"wp:attachment":[{"href":"https:\/\/www.foripes.org.br\/index.php\/wp-json\/wp\/v2\/media?parent=1131"}],"wp:term":[{"taxonomy":"category","embeddable":true,"href":"https:\/\/www.foripes.org.br\/index.php\/wp-json\/wp\/v2\/categories?post=1131"},{"taxonomy":"post_tag","embeddable":true,"href":"https:\/\/www.foripes.org.br\/index.php\/wp-json\/wp\/v2\/tags?post=1131"},{"taxonomy":"post_folder","embeddable":true,"href":"https:\/\/www.foripes.org.br\/index.php\/wp-json\/wp\/v2\/post_folder?post=1131"}],"curies":[{"name":"wp","href":"https:\/\/api.w.org\/{rel}","templated":true}]}}